{"id":1,"date":"2024-11-28T01:29:15","date_gmt":"2024-11-28T00:29:15","guid":{"rendered":"http:\/\/localhost\/mhtt\/?p=1"},"modified":"2024-11-29T11:10:24","modified_gmt":"2024-11-29T10:10:24","slug":"bemutato","status":"publish","type":"post","link":"https:\/\/mhtt.mhttp.hu\/index.php\/2024\/11\/28\/bemutato\/","title":{"rendered":"Nemzetk\u00f6zi Tudom\u00e1nyos Konferencia a katasztr\u00f3f\u00e1k cs\u00f6kkent\u00e9s\u00e9nek vil\u00e1gnapja alkalm\u00e1b\u00f3l"},"content":{"rendered":"\n<p class=\"has-text-align-center has-small-font-size\">2024.november 25<\/p>\n\n\n\n<p class=\"has-small-font-size\">A kialakult hagyom\u00e1nyoknak megfelel\u0151en t\u00f6bb t\u00e1rsadalmi \u00e9s tudom\u00e1nyos szervezet egy\u00fcttm\u0171k\u00f6d\u00e9s\u00e9ben a Magyar Tudom\u00e1ny \u00dcnnepe 2024. \u00e9vi esem\u00e9nyek\u00e9nt tartott\u00e1k meg november 25-\u00e9n a Katasztr\u00f3f\u00e1k Cs\u00f6kkent\u00e9s\u00e9nek Vil\u00e1gnapja alkalm\u00e1b\u00f3l szervezett nemzetk\u00f6zi tudom\u00e1nyos konferenci\u00e1t a Nemzeti K\u00f6zszolg\u00e1lati Egyetem (NKE) Zr\u00ednyi Mikl\u00f3s Laktanya \u00e9s Egyetemi Campus D\u00edszterm\u00e9ben.<\/p>\n\n\n\n<!--more-->\n\n\n\n<p class=\"has-accent-3-color has-text-color has-link-color has-small-font-size wp-elements-06ff5688afc71475c81c2edb42e09b0a\"><br>A program r\u00e9szleteit itt olvashatja el | <a href=\"https:\/\/mhtt.mhttp.hu\/bazisadatok\/SZAKOSZTALY\/KATASZTROFA_ES_POLGARIVEDELEM\/2024\/2024_11_25_A%20KATASZTROFAK%20CSOKKENTESENEK%20VILAGNAPJA.pdf\" target=\"_blank\" rel=\"noreferrer noopener\">PDF<\/a> |<\/p>\n","protected":false},"excerpt":{"rendered":"<p>2024.november 25 A kialakult hagyom\u00e1nyoknak megfelel\u0151en t\u00f6bb t\u00e1rsadalmi \u00e9s tudom\u00e1nyos szervezet egy\u00fcttm\u0171k\u00f6d\u00e9s\u00e9ben a Magyar Tudom\u00e1ny \u00dcnnepe 2024. \u00e9vi esem\u00e9nyek\u00e9nt tartott\u00e1k meg november 25-\u00e9n a Katasztr\u00f3f\u00e1k Cs\u00f6kkent\u00e9s\u00e9nek Vil\u00e1gnapja alkalm\u00e1b\u00f3l szervezett nemzetk\u00f6zi tudom\u00e1nyos konferenci\u00e1t a Nemzeti K\u00f6zszolg\u00e1lati Egyetem (NKE) Zr\u00ednyi Mikl\u00f3s Laktanya \u00e9s Egyetemi Campus D\u00edszterm\u00e9ben.<\/p>\n","protected":false},"author":1,"featured_media":0,"comment_status":"closed","ping_status":"closed","sticky":false,"template":"","format":"standard","meta":{"footnotes":""},"categories":[1],"tags":[],"class_list":["post-1","post","type-post","status-publish","format-standard","hentry","category-hir"],"_links":{"self":[{"href":"https:\/\/mhtt.mhttp.hu\/index.php\/wp-json\/wp\/v2\/posts\/1","targetHints":{"allow":["GET"]}}],"collection":[{"href":"https:\/\/mhtt.mhttp.hu\/index.php\/wp-json\/wp\/v2\/posts"}],"about":[{"href":"https:\/\/mhtt.mhttp.hu\/index.php\/wp-json\/wp\/v2\/types\/post"}],"author":[{"embeddable":true,"href":"https:\/\/mhtt.mhttp.hu\/index.php\/wp-json\/wp\/v2\/users\/1"}],"replies":[{"embeddable":true,"href":"https:\/\/mhtt.mhttp.hu\/index.php\/wp-json\/wp\/v2\/comments?post=1"}],"version-history":[{"count":22,"href":"https:\/\/mhtt.mhttp.hu\/index.php\/wp-json\/wp\/v2\/posts\/1\/revisions"}],"predecessor-version":[{"id":884,"href":"https:\/\/mhtt.mhttp.hu\/index.php\/wp-json\/wp\/v2\/posts\/1\/revisions\/884"}],"wp:attachment":[{"href":"https:\/\/mhtt.mhttp.hu\/index.php\/wp-json\/wp\/v2\/media?parent=1"}],"wp:term":[{"taxonomy":"category","embeddable":true,"href":"https:\/\/mhtt.mhttp.hu\/index.php\/wp-json\/wp\/v2\/categories?post=1"},{"taxonomy":"post_tag","embeddable":true,"href":"https:\/\/mhtt.mhttp.hu\/index.php\/wp-json\/wp\/v2\/tags?post=1"}],"curies":[{"name":"wp","href":"https:\/\/api.w.org\/{rel}","templated":true}]}}