{"id":141,"date":"2025-01-16T01:00:10","date_gmt":"2025-01-16T00:00:10","guid":{"rendered":"http:\/\/localhost\/mhtt\/?p=141"},"modified":"2025-01-28T11:17:17","modified_gmt":"2025-01-28T10:17:17","slug":"lorem","status":"publish","type":"post","link":"https:\/\/mhtt.mhttp.hu\/index.php\/2025\/01\/16\/lorem\/","title":{"rendered":"\u201e\u00daj \u0171rkorszak kapuj\u00e1ban&#8221; | A Magyar Hadtudom\u00e1nyi T\u00e1rsas\u00e1g (MHTT) k\u00f6nyvbemutat\u00f3ja"},"content":{"rendered":"\n<div style=\"text-align: center;\">\n<iframe loading=\"lazy\" width=\"540\" height=\"480\" src=\"https:\/\/www.youtube.com\/embed\/GY_P4mD-USg\" title=\"TV10 | \u201e\u00daj \u0171rkorszak kapuj\u00e1ban&quot; | A Magyar Hadtudom\u00e1nyi T\u00e1rsas\u00e1g (MHTT) k\u00f6nyvbemutat\u00f3ja\" frameborder=\"0\" allow=\"accelerometer; autoplay; clipboard-write; encrypted-media; gyroscope; picture-in-picture; web-share\" referrerpolicy=\"strict-origin-when-cross-origin\" allowfullscreen><\/iframe>\n<\/div>\n\n\n\n<p class=\"has-contrast-color has-text-color has-background has-link-color has-small-font-size wp-elements-eb524bd503d890c260bd8e8b031589c3\" style=\"background-color:#ccf0f8\">K\u00fcl\u00f6nleges k\u00f6nyv jelent meg \u2013 f\u0151k\u00e9nt magyar szerz\u0151kt\u0151l \u2013 \u201e\u00daj \u0171rkorszak kapuj\u00e1ban&#8221; c\u00edmmel a vil\u00e1g\u0171r biztons\u00e1gi \u00e9s katonai k\u00e9rd\u00e9seir\u0151l. A szerkeszt\u0151k: Edl Andr\u00e1s \u00e9s Dr. Szenes Zolt\u00e1n. A k\u00f6tet annak a k\u00e9t\u00e9ves kutat\u00f3munk\u00e1nak az eredm\u00e9nye, amely a Magyar Hadtudom\u00e1nyi T\u00e1rsas\u00e1g \u00e9gisze alatt, a Nemzeti K\u00f6zszolg\u00e1lati Egyetem \u00e9s a Magyar Honv\u00e9ds\u00e9g egy\u00fcttm\u0171k\u00f6d\u00e9s\u00e9vel zajlott. A r\u00e9szletekr\u0151l Dr. Szenes Zolt\u00e1n, az MHTT eln\u00f6ke, a k\u00f6nyv egyik szerkeszt\u0151je besz\u00e9lt. Szerkeszt\u0151-riporter: Szalai Laura, operat\u0151r: Sz\u0151ke J\u00e1nos, v\u00e1g\u00f3: Neuliszt \u00c1ron A vide\u00f3 a Centrum Telev\u00edzi\u00f3 tulajdona, minden jog fenntartva.<\/p>\n\n\n\n<p><\/p>\n","protected":false},"excerpt":{"rendered":"<p>K\u00fcl\u00f6nleges k\u00f6nyv jelent meg \u2013 f\u0151k\u00e9nt magyar szerz\u0151kt\u0151l \u2013 \u201e\u00daj \u0171rkorszak kapuj\u00e1ban&#8221; c\u00edmmel a vil\u00e1g\u0171r biztons\u00e1gi \u00e9s katonai k\u00e9rd\u00e9seir\u0151l. A szerkeszt\u0151k: Edl Andr\u00e1s \u00e9s Dr. Szenes Zolt\u00e1n. A k\u00f6tet annak a k\u00e9t\u00e9ves kutat\u00f3munk\u00e1nak az eredm\u00e9nye, amely a Magyar Hadtudom\u00e1nyi T\u00e1rsas\u00e1g \u00e9gisze alatt, a Nemzeti K\u00f6zszolg\u00e1lati Egyetem \u00e9s a Magyar Honv\u00e9ds\u00e9g egy\u00fcttm\u0171k\u00f6d\u00e9s\u00e9vel zajlott. A r\u00e9szletekr\u0151l Dr. [&hellip;]<\/p>\n","protected":false},"author":1,"featured_media":0,"comment_status":"closed","ping_status":"closed","sticky":false,"template":"","format":"standard","meta":{"footnotes":""},"categories":[1],"tags":[],"class_list":["post-141","post","type-post","status-publish","format-standard","hentry","category-hir"],"_links":{"self":[{"href":"https:\/\/mhtt.mhttp.hu\/index.php\/wp-json\/wp\/v2\/posts\/141","targetHints":{"allow":["GET"]}}],"collection":[{"href":"https:\/\/mhtt.mhttp.hu\/index.php\/wp-json\/wp\/v2\/posts"}],"about":[{"href":"https:\/\/mhtt.mhttp.hu\/index.php\/wp-json\/wp\/v2\/types\/post"}],"author":[{"embeddable":true,"href":"https:\/\/mhtt.mhttp.hu\/index.php\/wp-json\/wp\/v2\/users\/1"}],"replies":[{"embeddable":true,"href":"https:\/\/mhtt.mhttp.hu\/index.php\/wp-json\/wp\/v2\/comments?post=141"}],"version-history":[{"count":47,"href":"https:\/\/mhtt.mhttp.hu\/index.php\/wp-json\/wp\/v2\/posts\/141\/revisions"}],"predecessor-version":[{"id":1205,"href":"https:\/\/mhtt.mhttp.hu\/index.php\/wp-json\/wp\/v2\/posts\/141\/revisions\/1205"}],"wp:attachment":[{"href":"https:\/\/mhtt.mhttp.hu\/index.php\/wp-json\/wp\/v2\/media?parent=141"}],"wp:term":[{"taxonomy":"category","embeddable":true,"href":"https:\/\/mhtt.mhttp.hu\/index.php\/wp-json\/wp\/v2\/categories?post=141"},{"taxonomy":"post_tag","embeddable":true,"href":"https:\/\/mhtt.mhttp.hu\/index.php\/wp-json\/wp\/v2\/tags?post=141"}],"curies":[{"name":"wp","href":"https:\/\/api.w.org\/{rel}","templated":true}]}}